{"id":359,"date":"2024-01-15T12:52:26","date_gmt":"2024-01-15T12:52:26","guid":{"rendered":"https:\/\/solmallorca.de\/?p=359"},"modified":"2025-10-13T10:25:31","modified_gmt":"2025-10-13T10:25:31","slug":"rosa-del-sol","status":"publish","type":"post","link":"https:\/\/solmallorca.de\/?p=359","title":{"rendered":"Rosa del Sol."},"content":{"rendered":"\n<p><strong>Ref.: P05<\/strong><\/p>\n\n\n\n<h3 class=\"wp-block-heading\"><strong>Moderno proyecto de Villa en Cala Vinyas con vistas parciales al mar<\/strong><\/h3>\n\n\n\n<p><strong>Con permiso de construcci\u00f3n<\/strong><br>Precio: 3.300.000 \u20ac<br>Terreno: 1220m2<br>Construido: 450 m2<br>Dormitorios: 5<br>Ba\u00f1os: 6<\/p>\n\n\n\n<p>La villa est\u00e1 situada en una posici\u00f3n elevada y ofrece magn\u00edficas vistas de la Bah\u00eda de Palma desde la planta superior. El dise\u00f1o moderno pone gran \u00e9nfasis en maximizar la luz natural y crear un ambiente luminoso. La villa est\u00e1 planeada con cinco dormitorios y cinco ba\u00f1os, incluyendo un dormitorio en la primera planta y tres dormitorios m\u00e1s con ba\u00f1o, as\u00ed como la espaciosa suite principal en la planta superior. Se pueden facilitar planos detallados previa solicitud.<\/p>\n\n\n\n<p>Moderno proyecto de Villa en Cala Vinyas con vistas parciales al mar<\/p>\n\n\n\n<p>Con permiso de construcci\u00f3n &#8211; Vista al mar en Cala Vinyes<\/p>\n\n\n\n\n\n\n<table style=\"width: 100%;\">\n        <tbody>\n            <tr>\n                <td style=\"width: 50.0000%;\">\n                    <div data-empty=\"true\" style=\"text-align: center;\"><img loading=\"lazy\" decoding=\"async\" src=\"https:\/\/solmallorca.de\/wp-content\/uploads\/2023\/09\/image-5.png\" width=\"92\" height=\"79\"><br><span style=\"font-size: 30px;\"><strong>5<\/strong><\/span><\/div>\n                <\/td>\n                <td style=\"width: 50.0000%;\">\n                    <div data-empty=\"true\" style=\"text-align: center;\"><img loading=\"lazy\" decoding=\"async\" src=\"https:\/\/solmallorca.de\/wp-content\/uploads\/2023\/09\/image-6.png\" width=\"92\" height=\"79\"><br><span style=\"font-size: 30px;\"><strong>6<\/strong><\/span><\/div>\n                <\/td>\n            <\/tr>\n            <tr>\n                <td style=\"width: 50.0000%;\">\n                    <div data-empty=\"true\" style=\"text-align: center;\"><img loading=\"lazy\" decoding=\"async\" src=\"https:\/\/solmallorca.de\/wp-content\/uploads\/2023\/09\/image-7.png\" width=\"92\" height=\"79\"><br><span style=\"font-size: 30px;\"><strong>400 m\u00b2<\/strong><\/span><\/div>\n                <\/td>\n                <td style=\"width: 50.0000%;\">\n                    <div data-empty=\"true\" style=\"text-align: center;\"><img loading=\"lazy\" decoding=\"async\" src=\"https:\/\/solmallorca.de\/wp-content\/uploads\/2023\/09\/image-8.png\" width=\"92\" height=\"79\"><br><span style=\"font-size: 30px;\"><strong>1.287 m\u00b2<\/strong><\/span><\/div>\n                <\/td>\n            <\/tr>\n        <\/tbody>\n    <\/table>\n\n\n\n<h2 class=\"wp-block-heading has-text-align-center\"><strong>Precio: 3.300.000 Euro<\/strong>s<\/h2>\n\n\n\n<div style=\"height:50px\" aria-hidden=\"true\" class=\"wp-block-spacer\"><\/div>\n\n\n\n<h5 class=\"wp-block-heading\" id=\"block-0eaeca28-6cb5-495e-b265-67ee009fd7d7\"><em><br>Otras propiedades:<\/em><\/h5>\n\n\n\n<figure class=\"wp-block-image is-resized\" id=\"block-7e0c0755-a4d1-430e-a1e7-399057caf081\"><img decoding=\"async\" src=\"https:\/\/solmallorca.de\/wp-content\/uploads\/2023\/09\/flecha_abajo-1.png\" alt=\"La imagen tiene un atributo ALT vac\u00edo; su nombre de archivo es flecha_abajo-1.png\" style=\"object-fit:cover;width:80px;height:84px\"\/><\/figure>\n","protected":false},"excerpt":{"rendered":"<p>Ref.: P05 Moderno proyecto de Villa en Cala Vinyas con vistas parciales al mar Con permiso de construcci\u00f3nPrecio: 3.300.000 \u20acTerreno: 1220m2Construido: 450 m2Dormitorios: 5Ba\u00f1os: 6 La villa est\u00e1 situada en una posici\u00f3n elevada y ofrece magn\u00edficas vistas de la Bah\u00eda de Palma desde la planta superior. El dise\u00f1o moderno pone gran \u00e9nfasis en maximizar la &hellip; <\/p>\n<p class=\"link-more\"><a href=\"https:\/\/solmallorca.de\/?p=359\" class=\"more-link\">Leer m\u00e1s<span class=\"screen-reader-text\"> \u00abRosa del Sol.\u00bb<\/span><\/a><\/p>\n","protected":false},"author":1,"featured_media":42,"comment_status":"closed","ping_status":"closed","sticky":false,"template":"","format":"standard","meta":{"footnotes":""},"categories":[16],"tags":[124],"class_list":["post-359","post","type-post","status-publish","format-standard","has-post-thumbnail","hentry","category-villas-es","tag-p05"],"_links":{"self":[{"href":"https:\/\/solmallorca.de\/index.php?rest_route=\/wp\/v2\/posts\/359","targetHints":{"allow":["GET"]}}],"collection":[{"href":"https:\/\/solmallorca.de\/index.php?rest_route=\/wp\/v2\/posts"}],"about":[{"href":"https:\/\/solmallorca.de\/index.php?rest_route=\/wp\/v2\/types\/post"}],"author":[{"embeddable":true,"href":"https:\/\/solmallorca.de\/index.php?rest_route=\/wp\/v2\/users\/1"}],"replies":[{"embeddable":true,"href":"https:\/\/solmallorca.de\/index.php?rest_route=%2Fwp%2Fv2%2Fcomments&post=359"}],"version-history":[{"count":5,"href":"https:\/\/solmallorca.de\/index.php?rest_route=\/wp\/v2\/posts\/359\/revisions"}],"predecessor-version":[{"id":1435,"href":"https:\/\/solmallorca.de\/index.php?rest_route=\/wp\/v2\/posts\/359\/revisions\/1435"}],"wp:featuredmedia":[{"embeddable":true,"href":"https:\/\/solmallorca.de\/index.php?rest_route=\/wp\/v2\/media\/42"}],"wp:attachment":[{"href":"https:\/\/solmallorca.de\/index.php?rest_route=%2Fwp%2Fv2%2Fmedia&parent=359"}],"wp:term":[{"taxonomy":"category","embeddable":true,"href":"https:\/\/solmallorca.de\/index.php?rest_route=%2Fwp%2Fv2%2Fcategories&post=359"},{"taxonomy":"post_tag","embeddable":true,"href":"https:\/\/solmallorca.de\/index.php?rest_route=%2Fwp%2Fv2%2Ftags&post=359"}],"curies":[{"name":"wp","href":"https:\/\/api.w.org\/{rel}","templated":true}]}}