{"id":436,"date":"2024-01-15T19:18:33","date_gmt":"2024-01-15T19:18:33","guid":{"rendered":"https:\/\/solmallorca.de\/?p=436"},"modified":"2025-10-13T10:25:05","modified_gmt":"2025-10-13T10:25:05","slug":"rosa-del-sol-2","status":"publish","type":"post","link":"https:\/\/solmallorca.de\/?p=436&lang=de","title":{"rendered":"Rosa del Sol"},"content":{"rendered":"\n<p><strong>Ref.: P05<\/strong><\/p>\n\n\n\n<h3 class=\"wp-block-heading\"><strong>Modernes Villenprojekt in Cala Vinyas mit teilweisem Meerblick<\/strong><\/h3>\n\n\n\n<p><strong>Mit Baugenehmigung<\/strong><br>Preis: 3.300.000 \u20ac<br>Grundst\u00fcck: 1.220 m\u00b2<br>Bebaute Fl\u00e4che: 450 m\u00b2<br>Schlafzimmer: 5<br>Badezimmer: 6<\/p>\n\n\n\n<p>Die Villa befindet sich in erh\u00f6hter Lage und bietet von der oberen Etage aus einen herrlichen Blick auf die Bucht von Palma. Das moderne Design legt gro\u00dfen Wert auf die Maximierung des nat\u00fcrlichen Lichts und die Schaffung eines hellen Ambientes. Die Villa ist mit f\u00fcnf Schlafzimmern und f\u00fcnf B\u00e4dern geplant, darunter ein Schlafzimmer im ersten Stock und drei weitere Schlafzimmer mit B\u00e4dern sowie die ger\u00e4umige Master-Suite im Obergeschoss. Detaillierte Pl\u00e4ne k\u00f6nnen auf Anfrage zur Verf\u00fcgung gestellt werden.<\/p>\n\n\n\n<p><\/p>\n\n\n\n\n\n\n<table style=\"width: 100%;\">\n        <tbody>\n            <tr>\n                <td style=\"width: 50.0000%;\">\n                    <div data-empty=\"true\" style=\"text-align: center;\"><img loading=\"lazy\" decoding=\"async\" src=\"https:\/\/solmallorca.de\/wp-content\/uploads\/2023\/09\/image-5.png\" width=\"92\" height=\"79\"><br><span style=\"font-size: 30px;\"><strong>5<\/strong><\/span><\/div>\n                <\/td>\n                <td style=\"width: 50.0000%;\">\n                    <div data-empty=\"true\" style=\"text-align: center;\"><img loading=\"lazy\" decoding=\"async\" src=\"https:\/\/solmallorca.de\/wp-content\/uploads\/2023\/09\/image-6.png\" width=\"92\" height=\"79\"><br><span style=\"font-size: 30px;\"><strong>6<\/strong><\/span><\/div>\n                <\/td>\n            <\/tr>\n            <tr>\n                <td style=\"width: 50.0000%;\">\n                    <div data-empty=\"true\" style=\"text-align: center;\"><img loading=\"lazy\" decoding=\"async\" src=\"https:\/\/solmallorca.de\/wp-content\/uploads\/2023\/09\/image-7.png\" width=\"92\" height=\"79\"><br><span style=\"font-size: 30px;\"><strong>400 m\u00b2<\/strong><\/span><\/div>\n                <\/td>\n                <td style=\"width: 50.0000%;\">\n                    <div data-empty=\"true\" style=\"text-align: center;\"><img loading=\"lazy\" decoding=\"async\" src=\"https:\/\/solmallorca.de\/wp-content\/uploads\/2023\/09\/image-8.png\" width=\"92\" height=\"79\"><br><span style=\"font-size: 30px;\"><strong>1.287 m\u00b2<\/strong><\/span><\/div>\n                <\/td>\n            <\/tr>\n        <\/tbody>\n    <\/table>\n\n\n\n<h2 class=\"wp-block-heading has-text-align-center\"><strong>Preis: 3.300.000 Euro<\/strong>s<\/h2>\n\n\n\n<div style=\"height:50px\" aria-hidden=\"true\" class=\"wp-block-spacer\"><\/div>\n\n\n\n<h5 class=\"wp-block-heading\" id=\"block-0eaeca28-6cb5-495e-b265-67ee009fd7d7\"><em><br><\/em>Andere Eigenschaften:<\/h5>\n\n\n\n<figure class=\"wp-block-image is-resized\" id=\"block-7e0c0755-a4d1-430e-a1e7-399057caf081\"><img decoding=\"async\" src=\"https:\/\/solmallorca.de\/wp-content\/uploads\/2023\/09\/flecha_abajo-1.png\" alt=\"La imagen tiene un atributo ALT vac\u00edo; su nombre de archivo es flecha_abajo-1.png\" style=\"object-fit:cover;width:80px;height:84px\"\/><\/figure>\n","protected":false},"excerpt":{"rendered":"<p>Ref.: P05 Modernes Villenprojekt in Cala Vinyas mit teilweisem Meerblick Mit BaugenehmigungPreis: 3.300.000 \u20acGrundst\u00fcck: 1.220 m\u00b2Bebaute Fl\u00e4che: 450 m\u00b2Schlafzimmer: 5Badezimmer: 6 Die Villa befindet sich in erh\u00f6hter Lage und bietet von der oberen Etage aus einen herrlichen Blick auf die Bucht von Palma. Das moderne Design legt gro\u00dfen Wert auf die Maximierung des nat\u00fcrlichen Lichts &hellip; <\/p>\n<p class=\"link-more\"><a href=\"https:\/\/solmallorca.de\/?p=436&#038;lang=de\" class=\"more-link\">Leer m\u00e1s<span class=\"screen-reader-text\"> \u00abRosa del Sol\u00bb<\/span><\/a><\/p>\n","protected":false},"author":1,"featured_media":42,"comment_status":"closed","ping_status":"closed","sticky":false,"template":"","format":"standard","meta":{"footnotes":""},"categories":[1],"tags":[131],"class_list":["post-436","post","type-post","status-publish","format-standard","has-post-thumbnail","hentry","category-villen-ale","tag-p05-de"],"_links":{"self":[{"href":"https:\/\/solmallorca.de\/index.php?rest_route=\/wp\/v2\/posts\/436","targetHints":{"allow":["GET"]}}],"collection":[{"href":"https:\/\/solmallorca.de\/index.php?rest_route=\/wp\/v2\/posts"}],"about":[{"href":"https:\/\/solmallorca.de\/index.php?rest_route=\/wp\/v2\/types\/post"}],"author":[{"embeddable":true,"href":"https:\/\/solmallorca.de\/index.php?rest_route=\/wp\/v2\/users\/1"}],"replies":[{"embeddable":true,"href":"https:\/\/solmallorca.de\/index.php?rest_route=%2Fwp%2Fv2%2Fcomments&post=436"}],"version-history":[{"count":5,"href":"https:\/\/solmallorca.de\/index.php?rest_route=\/wp\/v2\/posts\/436\/revisions"}],"predecessor-version":[{"id":1434,"href":"https:\/\/solmallorca.de\/index.php?rest_route=\/wp\/v2\/posts\/436\/revisions\/1434"}],"wp:featuredmedia":[{"embeddable":true,"href":"https:\/\/solmallorca.de\/index.php?rest_route=\/wp\/v2\/media\/42"}],"wp:attachment":[{"href":"https:\/\/solmallorca.de\/index.php?rest_route=%2Fwp%2Fv2%2Fmedia&parent=436"}],"wp:term":[{"taxonomy":"category","embeddable":true,"href":"https:\/\/solmallorca.de\/index.php?rest_route=%2Fwp%2Fv2%2Fcategories&post=436"},{"taxonomy":"post_tag","embeddable":true,"href":"https:\/\/solmallorca.de\/index.php?rest_route=%2Fwp%2Fv2%2Ftags&post=436"}],"curies":[{"name":"wp","href":"https:\/\/api.w.org\/{rel}","templated":true}]}}