{"id":440,"date":"2024-01-15T20:09:15","date_gmt":"2024-01-15T20:09:15","guid":{"rendered":"https:\/\/solmallorca.de\/?p=440"},"modified":"2025-10-13T10:23:35","modified_gmt":"2025-10-13T10:23:35","slug":"bellavista-costa-de-la-calma-2","status":"publish","type":"post","link":"https:\/\/solmallorca.de\/?p=440&lang=de","title":{"rendered":"Bellavista, Costa de la calma"},"content":{"rendered":"\n<p><strong>Ref.: P06<\/strong><\/p>\n\n\n\n<h3 class=\"wp-block-heading\"><strong>Modernes Villenprojekt in Costa de la Calma mit fantastischem Meerblick<\/strong><\/h3>\n\n\n\n<p><strong>Ohne Baugenehmigung<\/strong><br>Preis: 3.300.000<br>Grundst\u00fcck: 850 m2<br>Bebaute Fl\u00e4che: 300 m2<br>Schlafzimmer: 3<br>Badezimmer: 3<\/p>\n\n\n\n<p>Diese moderne Villa in Costa de la Calma genie\u00dft eine ruhige Lage, nur wenige Schritte von der K\u00fcste entfernt, die einen direkten Zugang zum Meer bietet. Dar\u00fcber hinaus verf\u00fcgt die Villa \u00fcber einen malerischen Meerblick. Das Design der Villa sieht drei Schlafzimmer und drei B\u00e4der vor. Da mit dem Projekt erst begonnen werden kann, wenn ein zuk\u00fcnftiger Eigent\u00fcmer gefunden ist, hat dieser die M\u00f6glichkeit, die Entwicklung des Projekts ma\u00dfgeblich zu beeinflussen. Der angegebene Preis umfasst die Villa in einem bezugsfertigen Zustand.<\/p>\n\n\n\n<p><\/p>\n\n\n\n<p><\/p>\n\n\n\n\n\n\n<table style=\"width: 100%;\">\n        <tbody>\n            <tr>\n                <td style=\"width: 50.0000%;\">\n                    <div data-empty=\"true\" style=\"text-align: center;\"><img loading=\"lazy\" decoding=\"async\" src=\"https:\/\/solmallorca.de\/wp-content\/uploads\/2023\/09\/image-5.png\" width=\"92\" height=\"79\"><br><span style=\"font-size: 30px;\"><strong>3<\/strong><\/span><\/div>\n                <\/td>\n                <td style=\"width: 50.0000%;\">\n                    <div data-empty=\"true\" style=\"text-align: center;\"><img loading=\"lazy\" decoding=\"async\" src=\"https:\/\/solmallorca.de\/wp-content\/uploads\/2023\/09\/image-6.png\" width=\"92\" height=\"79\"><br><span style=\"font-size: 30px;\"><strong>3<\/strong><\/span><\/div>\n                <\/td>\n            <\/tr>\n            <tr>\n                <td style=\"width: 50.0000%;\">\n                    <div data-empty=\"true\" style=\"text-align: center;\"><img loading=\"lazy\" decoding=\"async\" src=\"https:\/\/solmallorca.de\/wp-content\/uploads\/2023\/09\/image-7.png\" width=\"92\" height=\"79\"><br><span style=\"font-size: 30px;\"><strong>300 m\u00b2<\/strong><\/span><\/div>\n                <\/td>\n                <td style=\"width: 50.0000%;\">\n                    <div data-empty=\"true\" style=\"text-align: center;\"><img loading=\"lazy\" decoding=\"async\" src=\"https:\/\/solmallorca.de\/wp-content\/uploads\/2023\/09\/image-8.png\" width=\"92\" height=\"79\"><br><span style=\"font-size: 30px;\"><strong>850 m\u00b2<\/strong><\/span><\/div>\n                <\/td>\n            <\/tr>\n        <\/tbody>\n    <\/table>\n\n\n\n<h2 class=\"wp-block-heading has-text-align-center\"><strong>Preis: 3.300.000 Euro<\/strong>s<\/h2>\n\n\n\n<div style=\"height:50px\" aria-hidden=\"true\" class=\"wp-block-spacer\"><\/div>\n\n\n\n<h5 class=\"wp-block-heading\" id=\"block-0eaeca28-6cb5-495e-b265-67ee009fd7d7\"><em><br>Otras propiedades:<\/em><\/h5>\n\n\n\n<figure class=\"wp-block-image is-resized\" id=\"block-7e0c0755-a4d1-430e-a1e7-399057caf081\"><img decoding=\"async\" src=\"https:\/\/solmallorca.de\/wp-content\/uploads\/2023\/09\/flecha_abajo-1.png\" alt=\"La imagen tiene un atributo ALT vac\u00edo; su nombre de archivo es flecha_abajo-1.png\" style=\"object-fit:cover;width:80px;height:84px\"\/><\/figure>\n","protected":false},"excerpt":{"rendered":"<p>Ref.: P06 Modernes Villenprojekt in Costa de la Calma mit fantastischem Meerblick Ohne BaugenehmigungPreis: 3.300.000Grundst\u00fcck: 850 m2Bebaute Fl\u00e4che: 300 m2Schlafzimmer: 3Badezimmer: 3 Diese moderne Villa in Costa de la Calma genie\u00dft eine ruhige Lage, nur wenige Schritte von der K\u00fcste entfernt, die einen direkten Zugang zum Meer bietet. Dar\u00fcber hinaus verf\u00fcgt die Villa \u00fcber einen &hellip; <\/p>\n<p class=\"link-more\"><a href=\"https:\/\/solmallorca.de\/?p=440&#038;lang=de\" class=\"more-link\">Leer m\u00e1s<span class=\"screen-reader-text\"> \u00abBellavista, Costa de la calma\u00bb<\/span><\/a><\/p>\n","protected":false},"author":1,"featured_media":41,"comment_status":"closed","ping_status":"closed","sticky":false,"template":"","format":"standard","meta":{"footnotes":""},"categories":[1],"tags":[115],"class_list":["post-440","post","type-post","status-publish","format-standard","has-post-thumbnail","hentry","category-villen-ale","tag-p06-de"],"_links":{"self":[{"href":"https:\/\/solmallorca.de\/index.php?rest_route=\/wp\/v2\/posts\/440","targetHints":{"allow":["GET"]}}],"collection":[{"href":"https:\/\/solmallorca.de\/index.php?rest_route=\/wp\/v2\/posts"}],"about":[{"href":"https:\/\/solmallorca.de\/index.php?rest_route=\/wp\/v2\/types\/post"}],"author":[{"embeddable":true,"href":"https:\/\/solmallorca.de\/index.php?rest_route=\/wp\/v2\/users\/1"}],"replies":[{"embeddable":true,"href":"https:\/\/solmallorca.de\/index.php?rest_route=%2Fwp%2Fv2%2Fcomments&post=440"}],"version-history":[{"count":4,"href":"https:\/\/solmallorca.de\/index.php?rest_route=\/wp\/v2\/posts\/440\/revisions"}],"predecessor-version":[{"id":1431,"href":"https:\/\/solmallorca.de\/index.php?rest_route=\/wp\/v2\/posts\/440\/revisions\/1431"}],"wp:featuredmedia":[{"embeddable":true,"href":"https:\/\/solmallorca.de\/index.php?rest_route=\/wp\/v2\/media\/41"}],"wp:attachment":[{"href":"https:\/\/solmallorca.de\/index.php?rest_route=%2Fwp%2Fv2%2Fmedia&parent=440"}],"wp:term":[{"taxonomy":"category","embeddable":true,"href":"https:\/\/solmallorca.de\/index.php?rest_route=%2Fwp%2Fv2%2Fcategories&post=440"},{"taxonomy":"post_tag","embeddable":true,"href":"https:\/\/solmallorca.de\/index.php?rest_route=%2Fwp%2Fv2%2Ftags&post=440"}],"curies":[{"name":"wp","href":"https:\/\/api.w.org\/{rel}","templated":true}]}}